{"id":103,"date":"2018-10-09T15:12:17","date_gmt":"2018-10-09T13:12:17","guid":{"rendered":"http:\/\/www.jeunessemandoliniste.com\/?p=103"},"modified":"2019-06-03T15:21:37","modified_gmt":"2019-06-03T13:21:37","slug":"concert-dimanche-25-novembre-2018-a-16h00","status":"publish","type":"post","link":"https:\/\/www.jeunessemandoliniste.com\/?p=103","title":{"rendered":"Concert dimanche 25 novembre 2018 \u00e0 16h00"},"content":{"rendered":"\n<p>La <em>Jeunesse Mandoliniste de Hagondange<\/em> organise son traditionnel concert d&rsquo;automne le dimanche <strong>25 novembre 2018 \u00e0 16h00<\/strong> \u00e0 la Salle Paul Lamm d&rsquo;Hagondange.<\/p>\n\n\n\n<p>En  1\u00e8re partie, notre orchestre proposera un programme d\u2019\u0153uvres de musiciens contemporains internationaux qui renouvellent le r\u00e9pertoire des orchestres \u00e0 plectre : <br>\u00abDanza Cubana\u00bb de <em>Dominik Hacner<\/em>, \u00abAutumn&rsquo;s smile\u00bb de <em>Timotheos Arvanitakis<\/em>, \u00abCham\u00bb et \u00abPh\u00e9nix\u00bb d&rsquo;<em>Erik March\u00e9lie<\/em> ainsi qu&rsquo;une des pi\u00e8ces phare du compositeur allemand <em>Konrad W\u00f6lki<\/em> (consid\u00e9r\u00e9 comme le p\u00e8re de l&rsquo;orchestre \u00e0 plectre moderne) : la \u00abSuite Appassionata\u00bb. <\/p>\n\n\n\n<p>En 2\u00e8me partie, Carte blanche \u00e0 <em>L&rsquo;arc-en-celte<\/em>, groupe de musique irlandaise.                                                                                                                                                 Les musiciens de L&rsquo;arc-en-celte, au travers de morceaux exclusivement instrumentaux et \u00e9nergiques, vous invitent \u00e0 un voyage sonore en faisant partager cette ambiance si particuli\u00e8re empreinte de joie, de rencontres et de convivialit\u00e9.<\/p>\n\n\n\n<p><strong>Entr\u00e9e libre !<\/strong><\/p>\n","protected":false},"excerpt":{"rendered":"<p>La Jeunesse Mandoliniste de Hagondange organise son traditionnel concert d&rsquo;automne le dimanche 25 novembre 2018 \u00e0 16h00 \u00e0 la Salle Paul Lamm d&rsquo;Hagondange. En 1\u00e8re partie, notre orchestre proposera un programme d\u2019\u0153uvres de musiciens contemporains internationaux qui renouvellent le r\u00e9pertoire des orchestres \u00e0 plectre : \u00abDanza Cubana\u00bb de Dominik Hacner, \u00abAutumn&rsquo;s smile\u00bb de Timotheos Arvanitakis, [&hellip;]<\/p>\n","protected":false},"author":1,"featured_media":0,"comment_status":"open","ping_status":"open","sticky":false,"template":"","format":"standard","meta":{"footnotes":""},"categories":[3],"tags":[6,19,14,7,32,15,20],"class_list":["post-103","post","type-post","status-publish","format-standard","hentry","category-concert","tag-concert","tag-hagondange","tag-jeunesse-mandoliniste-de-hagondange","tag-mandoline","tag-musique-irlandaise","tag-orchestre-a-plectre","tag-salle-paul-lamm"],"_links":{"self":[{"href":"https:\/\/www.jeunessemandoliniste.com\/index.php?rest_route=\/wp\/v2\/posts\/103","targetHints":{"allow":["GET"]}}],"collection":[{"href":"https:\/\/www.jeunessemandoliniste.com\/index.php?rest_route=\/wp\/v2\/posts"}],"about":[{"href":"https:\/\/www.jeunessemandoliniste.com\/index.php?rest_route=\/wp\/v2\/types\/post"}],"author":[{"embeddable":true,"href":"https:\/\/www.jeunessemandoliniste.com\/index.php?rest_route=\/wp\/v2\/users\/1"}],"replies":[{"embeddable":true,"href":"https:\/\/www.jeunessemandoliniste.com\/index.php?rest_route=%2Fwp%2Fv2%2Fcomments&post=103"}],"version-history":[{"count":1,"href":"https:\/\/www.jeunessemandoliniste.com\/index.php?rest_route=\/wp\/v2\/posts\/103\/revisions"}],"predecessor-version":[{"id":104,"href":"https:\/\/www.jeunessemandoliniste.com\/index.php?rest_route=\/wp\/v2\/posts\/103\/revisions\/104"}],"wp:attachment":[{"href":"https:\/\/www.jeunessemandoliniste.com\/index.php?rest_route=%2Fwp%2Fv2%2Fmedia&parent=103"}],"wp:term":[{"taxonomy":"category","embeddable":true,"href":"https:\/\/www.jeunessemandoliniste.com\/index.php?rest_route=%2Fwp%2Fv2%2Fcategories&post=103"},{"taxonomy":"post_tag","embeddable":true,"href":"https:\/\/www.jeunessemandoliniste.com\/index.php?rest_route=%2Fwp%2Fv2%2Ftags&post=103"}],"curies":[{"name":"wp","href":"https:\/\/api.w.org\/{rel}","templated":true}]}}