{"id":105,"date":"2019-06-03T15:45:38","date_gmt":"2019-06-03T13:45:38","guid":{"rendered":"http:\/\/www.jeunessemandoliniste.com\/?p=105"},"modified":"2019-06-20T10:45:07","modified_gmt":"2019-06-20T08:45:07","slug":"concert-vendredi-21-juin-2019","status":"publish","type":"post","link":"https:\/\/www.jeunessemandoliniste.com\/?p=105","title":{"rendered":"Concert vendredi 21 juin 2019"},"content":{"rendered":"\n<p>Comme chaque ann\u00e9e, la <em>Jeunesse Mandoliniste de Hagondange<\/em> participera \u00e0 la F\u00eate de le musique, <strong>Vendredi 21 juin 2019<\/strong> <strong>\u00e0 21h00<\/strong>, sur le parvis du <em>Conservatoire de musique d&rsquo;Hagondange<\/em>, rue Alb\u00e9ric Magnard. <\/p>\n\n\n\n<p>Restauration\/boisson possible sur place.<\/p>\n","protected":false},"excerpt":{"rendered":"<p>Comme chaque ann\u00e9e, la Jeunesse Mandoliniste de Hagondange participera \u00e0 la F\u00eate de le musique, Vendredi 21 juin 2019 \u00e0 21h00, sur le parvis du Conservatoire de musique d&rsquo;Hagondange, rue Alb\u00e9ric Magnard. Restauration\/boisson possible sur place.<\/p>\n","protected":false},"author":1,"featured_media":0,"comment_status":"closed","ping_status":"open","sticky":false,"template":"","format":"standard","meta":{"footnotes":""},"categories":[3],"tags":[6,29,19,14,7,15],"class_list":["post-105","post","type-post","status-publish","format-standard","hentry","category-concert","tag-concert","tag-fete-de-la-musique","tag-hagondange","tag-jeunesse-mandoliniste-de-hagondange","tag-mandoline","tag-orchestre-a-plectre"],"_links":{"self":[{"href":"https:\/\/www.jeunessemandoliniste.com\/index.php?rest_route=\/wp\/v2\/posts\/105","targetHints":{"allow":["GET"]}}],"collection":[{"href":"https:\/\/www.jeunessemandoliniste.com\/index.php?rest_route=\/wp\/v2\/posts"}],"about":[{"href":"https:\/\/www.jeunessemandoliniste.com\/index.php?rest_route=\/wp\/v2\/types\/post"}],"author":[{"embeddable":true,"href":"https:\/\/www.jeunessemandoliniste.com\/index.php?rest_route=\/wp\/v2\/users\/1"}],"replies":[{"embeddable":true,"href":"https:\/\/www.jeunessemandoliniste.com\/index.php?rest_route=%2Fwp%2Fv2%2Fcomments&post=105"}],"version-history":[{"count":3,"href":"https:\/\/www.jeunessemandoliniste.com\/index.php?rest_route=\/wp\/v2\/posts\/105\/revisions"}],"predecessor-version":[{"id":213,"href":"https:\/\/www.jeunessemandoliniste.com\/index.php?rest_route=\/wp\/v2\/posts\/105\/revisions\/213"}],"wp:attachment":[{"href":"https:\/\/www.jeunessemandoliniste.com\/index.php?rest_route=%2Fwp%2Fv2%2Fmedia&parent=105"}],"wp:term":[{"taxonomy":"category","embeddable":true,"href":"https:\/\/www.jeunessemandoliniste.com\/index.php?rest_route=%2Fwp%2Fv2%2Fcategories&post=105"},{"taxonomy":"post_tag","embeddable":true,"href":"https:\/\/www.jeunessemandoliniste.com\/index.php?rest_route=%2Fwp%2Fv2%2Ftags&post=105"}],"curies":[{"name":"wp","href":"https:\/\/api.w.org\/{rel}","templated":true}]}}