{"id":107,"date":"2018-10-30T15:48:50","date_gmt":"2018-10-30T14:48:50","guid":{"rendered":"http:\/\/www.jeunessemandoliniste.com\/?p=107"},"modified":"2022-04-23T09:47:11","modified_gmt":"2022-04-23T07:47:11","slug":"concert-dimanche-2-decembre-2018-a-15h00","status":"publish","type":"post","link":"https:\/\/www.jeunessemandoliniste.com\/?p=107","title":{"rendered":"Concert dimanche 2 d\u00e9cembre 2018 \u00e0 15h00"},"content":{"rendered":"\n<p>La <em>Jeunesse Mandoliniste d&rsquo;Hagondange<\/em> se produira le <strong>dimanche 2 d\u00e9cembre 2018 \u00e0 15h00<\/strong> dans l&rsquo;\u00e9glise Saint Joseph de Montigny-l\u00e8s-Metz r\u00e9pondant \u00e0 l&rsquo;invitation de la chorale Mi-Temps Loisirs.<br>Sera \u00e9galement pr\u00e9sent le <em>Ch\u0153ur des enfants de la Ma\u00eetrise de la cath\u00e9drale de Metz<\/em>.<\/p>\n\n\n\n<p><strong>Entr\u00e9e libre<\/strong> \u2013 Qu\u00eate au profit de la r\u00e9novation des cloches de l\u2019\u00e9glise.                                                                                                                                                           <\/p>\n","protected":false},"excerpt":{"rendered":"<p>La Jeunesse Mandoliniste d&rsquo;Hagondange se produira le dimanche 2 d\u00e9cembre 2018 \u00e0 15h00 dans l&rsquo;\u00e9glise Saint Joseph de Montigny-l\u00e8s-Metz r\u00e9pondant \u00e0 l&rsquo;invitation de la chorale Mi-Temps Loisirs.Sera \u00e9galement pr\u00e9sent le Ch\u0153ur des enfants de la Ma\u00eetrise de la cath\u00e9drale de Metz. Entr\u00e9e libre \u2013 Qu\u00eate au profit de la r\u00e9novation des cloches de l\u2019\u00e9glise.<\/p>\n","protected":false},"author":1,"featured_media":0,"comment_status":"closed","ping_status":"closed","sticky":false,"template":"","format":"standard","meta":{"footnotes":""},"categories":[3],"tags":[6,14,10,7,35,34,15],"class_list":["post-107","post","type-post","status-publish","format-standard","hentry","category-concert","tag-concert","tag-jeunesse-mandoliniste-de-hagondange","tag-maitrise-denfants-de-la-cathedrale-de-metz","tag-mandoline","tag-mi-temps-loisirs","tag-montigny-les-metz","tag-orchestre-a-plectre"],"_links":{"self":[{"href":"https:\/\/www.jeunessemandoliniste.com\/index.php?rest_route=\/wp\/v2\/posts\/107","targetHints":{"allow":["GET"]}}],"collection":[{"href":"https:\/\/www.jeunessemandoliniste.com\/index.php?rest_route=\/wp\/v2\/posts"}],"about":[{"href":"https:\/\/www.jeunessemandoliniste.com\/index.php?rest_route=\/wp\/v2\/types\/post"}],"author":[{"embeddable":true,"href":"https:\/\/www.jeunessemandoliniste.com\/index.php?rest_route=\/wp\/v2\/users\/1"}],"replies":[{"embeddable":true,"href":"https:\/\/www.jeunessemandoliniste.com\/index.php?rest_route=%2Fwp%2Fv2%2Fcomments&post=107"}],"version-history":[{"count":2,"href":"https:\/\/www.jeunessemandoliniste.com\/index.php?rest_route=\/wp\/v2\/posts\/107\/revisions"}],"predecessor-version":[{"id":109,"href":"https:\/\/www.jeunessemandoliniste.com\/index.php?rest_route=\/wp\/v2\/posts\/107\/revisions\/109"}],"wp:attachment":[{"href":"https:\/\/www.jeunessemandoliniste.com\/index.php?rest_route=%2Fwp%2Fv2%2Fmedia&parent=107"}],"wp:term":[{"taxonomy":"category","embeddable":true,"href":"https:\/\/www.jeunessemandoliniste.com\/index.php?rest_route=%2Fwp%2Fv2%2Fcategories&post=107"},{"taxonomy":"post_tag","embeddable":true,"href":"https:\/\/www.jeunessemandoliniste.com\/index.php?rest_route=%2Fwp%2Fv2%2Ftags&post=107"}],"curies":[{"name":"wp","href":"https:\/\/api.w.org\/{rel}","templated":true}]}}