{"id":112,"date":"2019-03-27T16:15:21","date_gmt":"2019-03-27T15:15:21","guid":{"rendered":"http:\/\/www.jeunessemandoliniste.com\/?p=112"},"modified":"2021-02-10T08:55:20","modified_gmt":"2021-02-10T07:55:20","slug":"concert-lundi-15-avril-2019-a-20h00","status":"publish","type":"post","link":"https:\/\/www.jeunessemandoliniste.com\/?p=112","title":{"rendered":"Concert lundi 15 avril 2019 \u00e0 20h00"},"content":{"rendered":"\n<p>En coop\u00e9ration avec la municipalit\u00e9 de Rosselange, la <em>Jeunesse Mandoliniste d&rsquo;Hagondange<\/em> recevra le <strong>lundi 15 avril 2019 \u00e0 20h00<\/strong> dans la salle des f\u00eates <em>Fort Chabrol<\/em> l&rsquo;<em>Orchestra Portuguesa de guitarras e bandolins<\/em> dans le cadre de leur tourn\u00e9e europ\u00e9enne<\/p>\n\n\n\n<p><strong>Entr\u00e9e libre !<\/strong><\/p>\n\n\n\n<figure class=\"wp-block-image\"><img loading=\"lazy\" decoding=\"async\" width=\"724\" height=\"1024\" src=\"https:\/\/www.jeunessemandoliniste.com\/wp-content\/uploads\/2019\/06\/20190403-Rosselange_Portugal-724x1024.jpg\" alt=\"\" class=\"wp-image-113\" srcset=\"https:\/\/www.jeunessemandoliniste.com\/wp-content\/uploads\/2019\/06\/20190403-Rosselange_Portugal-724x1024.jpg 724w, https:\/\/www.jeunessemandoliniste.com\/wp-content\/uploads\/2019\/06\/20190403-Rosselange_Portugal-212x300.jpg 212w, https:\/\/www.jeunessemandoliniste.com\/wp-content\/uploads\/2019\/06\/20190403-Rosselange_Portugal-768x1086.jpg 768w, https:\/\/www.jeunessemandoliniste.com\/wp-content\/uploads\/2019\/06\/20190403-Rosselange_Portugal.jpg 1053w\" sizes=\"auto, (max-width: 724px) 100vw, 724px\" \/><\/figure>\n","protected":false},"excerpt":{"rendered":"<p>En coop\u00e9ration avec la municipalit\u00e9 de Rosselange, la Jeunesse Mandoliniste d&rsquo;Hagondange recevra le lundi 15 avril 2019 \u00e0 20h00 dans la salle des f\u00eates Fort Chabrol l&rsquo;Orchestra Portuguesa de guitarras e bandolins dans le cadre de leur tourn\u00e9e europ\u00e9enne Entr\u00e9e libre !<\/p>\n","protected":false},"author":1,"featured_media":0,"comment_status":"closed","ping_status":"open","sticky":false,"template":"","format":"standard","meta":{"footnotes":""},"categories":[3],"tags":[6,39,14,7,15,40,38],"class_list":["post-112","post","type-post","status-publish","format-standard","hentry","category-concert","tag-concert","tag-fort-chabrol","tag-jeunesse-mandoliniste-de-hagondange","tag-mandoline","tag-orchestre-a-plectre","tag-orquestra-portuguesa-de-guitarras-e-bandolins","tag-rosselange"],"_links":{"self":[{"href":"https:\/\/www.jeunessemandoliniste.com\/index.php?rest_route=\/wp\/v2\/posts\/112","targetHints":{"allow":["GET"]}}],"collection":[{"href":"https:\/\/www.jeunessemandoliniste.com\/index.php?rest_route=\/wp\/v2\/posts"}],"about":[{"href":"https:\/\/www.jeunessemandoliniste.com\/index.php?rest_route=\/wp\/v2\/types\/post"}],"author":[{"embeddable":true,"href":"https:\/\/www.jeunessemandoliniste.com\/index.php?rest_route=\/wp\/v2\/users\/1"}],"replies":[{"embeddable":true,"href":"https:\/\/www.jeunessemandoliniste.com\/index.php?rest_route=%2Fwp%2Fv2%2Fcomments&post=112"}],"version-history":[{"count":1,"href":"https:\/\/www.jeunessemandoliniste.com\/index.php?rest_route=\/wp\/v2\/posts\/112\/revisions"}],"predecessor-version":[{"id":114,"href":"https:\/\/www.jeunessemandoliniste.com\/index.php?rest_route=\/wp\/v2\/posts\/112\/revisions\/114"}],"wp:attachment":[{"href":"https:\/\/www.jeunessemandoliniste.com\/index.php?rest_route=%2Fwp%2Fv2%2Fmedia&parent=112"}],"wp:term":[{"taxonomy":"category","embeddable":true,"href":"https:\/\/www.jeunessemandoliniste.com\/index.php?rest_route=%2Fwp%2Fv2%2Fcategories&post=112"},{"taxonomy":"post_tag","embeddable":true,"href":"https:\/\/www.jeunessemandoliniste.com\/index.php?rest_route=%2Fwp%2Fv2%2Ftags&post=112"}],"curies":[{"name":"wp","href":"https:\/\/api.w.org\/{rel}","templated":true}]}}