{"id":129,"date":"2019-02-26T19:58:29","date_gmt":"2019-02-26T18:58:29","guid":{"rendered":"http:\/\/www.jeunessemandoliniste.com\/?p=129"},"modified":"2019-06-03T20:12:33","modified_gmt":"2019-06-03T18:12:33","slug":"concert-dimanche-31-mars-2019-a-16h00","status":"publish","type":"post","link":"https:\/\/www.jeunessemandoliniste.com\/?p=129","title":{"rendered":"Concert dimanche 31 mars 2019 \u00e0 16h00"},"content":{"rendered":"\n<p>Le concert de printemps 2019 de la <em>Jeunesse Mandoliniste d&rsquo;Hagondange<\/em> aura lieu le <strong>dimanche 31 mars 2019 \u00e0 16h00<\/strong> dans la Salle Paul LAMM de Hagondange.<\/p>\n\n\n\n<p>En 1\u00e8re partie, la <em>Jeunesse Mandoliniste d&rsquo;Hagondange<\/em> propose un programme ambitieux avec entre autre un Concerto pour violon solo, fl\u00fbtes \u00e0 bec, basson et orchestre \u00e0 plectre de Fried Walter.<br>Pour mener \u00e0 bien ce projet <strong>St\u00e9phanie Grevedon<\/strong>, violoniste, a partag\u00e9 \u00e0 nouveau la sc\u00e8ne de la salle Paul Lamm avec l&rsquo;orchestre et quelques \u00e9l\u00e8ves de la classe de fl\u00fbtes \u00e0 bec et basson de <strong>Dominique R\u00e9my<\/strong>.<br>D&rsquo;autres compositeurs seront mis \u00e0 l&rsquo;honneur, tel <strong>Ricardo Sandoval<\/strong> et <strong>Roland Dyens<\/strong> (soliste Donovan Lux, guitare).<\/p>\n\n\n\n<p>En 2\u00e8me partie : carte blanche \u00e0<em> L&rsquo;Accord\u00e9on-Club de Florange<\/em>, direction <strong>Michel Berger<\/strong><br>Cr\u00e9\u00e9 en 1975, l&rsquo;orchestre se produit lors de nombreux concerts et festivals tant en Moselle qu&rsquo;au del\u00e0. Il participe \u00e0 la vie culturelle de la r\u00e9gion en animant : carnaval, f\u00eate de la musique, f\u00eates de Saint-Jean ou th\u00e9s dansants. Il a obtenu en 1980, un 1er prix d&rsquo;Honneur Ascendant lors du concours-festival international de Pont-\u00e0-Mousson.  <br>L&rsquo;A.C.F. est dirig\u00e9 depuis plus de 40 ans par Michel Berger. Il est pr\u00e9sid\u00e9 par <strong>Brigitte Kaluza<\/strong> depuis 2007. <\/p>\n\n\n\n<p><strong>Entr\u00e9e libre !<\/strong> Caf\u00e9, boissons et p\u00e2tisseries disponibles \u00e0 l&rsquo;entracte<\/p>\n\n\n\n<div class=\"wp-block-image\"><figure class=\"aligncenter\"><img loading=\"lazy\" decoding=\"async\" width=\"587\" height=\"833\" src=\"https:\/\/www.jeunessemandoliniste.com\/wp-content\/uploads\/2019\/06\/20190301_Printemps2019.png\" alt=\"\" class=\"wp-image-130\" srcset=\"https:\/\/www.jeunessemandoliniste.com\/wp-content\/uploads\/2019\/06\/20190301_Printemps2019.png 587w, https:\/\/www.jeunessemandoliniste.com\/wp-content\/uploads\/2019\/06\/20190301_Printemps2019-211x300.png 211w\" sizes=\"auto, (max-width: 587px) 100vw, 587px\" \/><\/figure><\/div>\n","protected":false},"excerpt":{"rendered":"<p>Le concert de printemps 2019 de la Jeunesse Mandoliniste d&rsquo;Hagondange aura lieu le dimanche 31 mars 2019 \u00e0 16h00 dans la Salle Paul LAMM de Hagondange. En 1\u00e8re partie, la Jeunesse Mandoliniste d&rsquo;Hagondange propose un programme ambitieux avec entre autre un Concerto pour violon solo, fl\u00fbtes \u00e0 bec, basson et orchestre \u00e0 plectre de Fried [&hellip;]<\/p>\n","protected":false},"author":1,"featured_media":0,"comment_status":"closed","ping_status":"open","sticky":false,"template":"","format":"standard","meta":{"footnotes":""},"categories":[3],"tags":[41,6,45,44,19,14,7,15,21,42,20,43],"class_list":["post-129","post","type-post","status-publish","format-standard","hentry","category-concert","tag-accordeon-club-florangeois","tag-concert","tag-dominique-remy","tag-fried-walter","tag-hagondange","tag-jeunesse-mandoliniste-de-hagondange","tag-mandoline","tag-orchestre-a-plectre","tag-ricardo-sandoval","tag-roland-dyens","tag-salle-paul-lamm","tag-stephanie-grevedon"],"_links":{"self":[{"href":"https:\/\/www.jeunessemandoliniste.com\/index.php?rest_route=\/wp\/v2\/posts\/129","targetHints":{"allow":["GET"]}}],"collection":[{"href":"https:\/\/www.jeunessemandoliniste.com\/index.php?rest_route=\/wp\/v2\/posts"}],"about":[{"href":"https:\/\/www.jeunessemandoliniste.com\/index.php?rest_route=\/wp\/v2\/types\/post"}],"author":[{"embeddable":true,"href":"https:\/\/www.jeunessemandoliniste.com\/index.php?rest_route=\/wp\/v2\/users\/1"}],"replies":[{"embeddable":true,"href":"https:\/\/www.jeunessemandoliniste.com\/index.php?rest_route=%2Fwp%2Fv2%2Fcomments&post=129"}],"version-history":[{"count":4,"href":"https:\/\/www.jeunessemandoliniste.com\/index.php?rest_route=\/wp\/v2\/posts\/129\/revisions"}],"predecessor-version":[{"id":135,"href":"https:\/\/www.jeunessemandoliniste.com\/index.php?rest_route=\/wp\/v2\/posts\/129\/revisions\/135"}],"wp:attachment":[{"href":"https:\/\/www.jeunessemandoliniste.com\/index.php?rest_route=%2Fwp%2Fv2%2Fmedia&parent=129"}],"wp:term":[{"taxonomy":"category","embeddable":true,"href":"https:\/\/www.jeunessemandoliniste.com\/index.php?rest_route=%2Fwp%2Fv2%2Fcategories&post=129"},{"taxonomy":"post_tag","embeddable":true,"href":"https:\/\/www.jeunessemandoliniste.com\/index.php?rest_route=%2Fwp%2Fv2%2Ftags&post=129"}],"curies":[{"name":"wp","href":"https:\/\/api.w.org\/{rel}","templated":true}]}}