{"id":202,"date":"2019-06-12T14:38:25","date_gmt":"2019-06-12T12:38:25","guid":{"rendered":"http:\/\/www.jeunessemandoliniste.com\/?p=202"},"modified":"2019-06-14T12:08:04","modified_gmt":"2019-06-14T10:08:04","slug":"buvette-du-dimanche-16-juin-2019","status":"publish","type":"post","link":"https:\/\/www.jeunessemandoliniste.com\/?p=202","title":{"rendered":"Buvette du Dimanche 16 juin 2019"},"content":{"rendered":"\n<p>Dans cadre du bal folk organis\u00e9 avec <em>\u00ab\u00a0L&rsquo;orchestre \u00e0 Cordes junior du conservatoire<\/em>\u00a0\u00bb au parc municipal d&rsquo;Hagondange le <strong>dimanche 16 juin 2019<\/strong> , la <em>Jeunesse Mandoliniste d&rsquo;Hagondange<\/em> tiendra une buvette, de 14h00 \u00e0 19h00.<\/p>\n\n\n\n<p>Boissons fra\u00eeches (eau, coca, &#8230;) et bi\u00e8re en pression de la <strong>Brasserie Artisanale de Rodemack<\/strong> (<a style=\"\" href=\"http:\/\/www.b-a-r.fr\">www.b-a-r.fr<\/a> ).<br>P\u00e2tisseries diverses.<\/p>\n\n\n\n<figure class=\"wp-block-image\"><img loading=\"lazy\" decoding=\"async\" width=\"600\" height=\"900\" src=\"https:\/\/www.jeunessemandoliniste.com\/wp-content\/uploads\/2019\/06\/FB_IMG_1559752285959.jpg\" alt=\"\" class=\"wp-image-203\" srcset=\"https:\/\/www.jeunessemandoliniste.com\/wp-content\/uploads\/2019\/06\/FB_IMG_1559752285959.jpg 600w, https:\/\/www.jeunessemandoliniste.com\/wp-content\/uploads\/2019\/06\/FB_IMG_1559752285959-200x300.jpg 200w\" sizes=\"auto, (max-width: 600px) 100vw, 600px\" \/><\/figure>\n","protected":false},"excerpt":{"rendered":"<p>Dans cadre du bal folk organis\u00e9 avec \u00ab\u00a0L&rsquo;orchestre \u00e0 Cordes junior du conservatoire\u00a0\u00bb au parc municipal d&rsquo;Hagondange le dimanche 16 juin 2019 , la Jeunesse Mandoliniste d&rsquo;Hagondange tiendra une buvette, de 14h00 \u00e0 19h00. Boissons fra\u00eeches (eau, coca, &#8230;) et bi\u00e8re en pression de la Brasserie Artisanale de Rodemack (www.b-a-r.fr ).P\u00e2tisseries diverses.<\/p>\n","protected":false},"author":1,"featured_media":0,"comment_status":"closed","ping_status":"open","sticky":false,"template":"","format":"standard","meta":{"footnotes":""},"categories":[51],"tags":[52,19,14,53],"class_list":["post-202","post","type-post","status-publish","format-standard","hentry","category-actualites","tag-bal-folk","tag-hagondange","tag-jeunesse-mandoliniste-de-hagondange","tag-orchestre-a-cordes-junior-du-conservatoire"],"_links":{"self":[{"href":"https:\/\/www.jeunessemandoliniste.com\/index.php?rest_route=\/wp\/v2\/posts\/202","targetHints":{"allow":["GET"]}}],"collection":[{"href":"https:\/\/www.jeunessemandoliniste.com\/index.php?rest_route=\/wp\/v2\/posts"}],"about":[{"href":"https:\/\/www.jeunessemandoliniste.com\/index.php?rest_route=\/wp\/v2\/types\/post"}],"author":[{"embeddable":true,"href":"https:\/\/www.jeunessemandoliniste.com\/index.php?rest_route=\/wp\/v2\/users\/1"}],"replies":[{"embeddable":true,"href":"https:\/\/www.jeunessemandoliniste.com\/index.php?rest_route=%2Fwp%2Fv2%2Fcomments&post=202"}],"version-history":[{"count":3,"href":"https:\/\/www.jeunessemandoliniste.com\/index.php?rest_route=\/wp\/v2\/posts\/202\/revisions"}],"predecessor-version":[{"id":208,"href":"https:\/\/www.jeunessemandoliniste.com\/index.php?rest_route=\/wp\/v2\/posts\/202\/revisions\/208"}],"wp:attachment":[{"href":"https:\/\/www.jeunessemandoliniste.com\/index.php?rest_route=%2Fwp%2Fv2%2Fmedia&parent=202"}],"wp:term":[{"taxonomy":"category","embeddable":true,"href":"https:\/\/www.jeunessemandoliniste.com\/index.php?rest_route=%2Fwp%2Fv2%2Fcategories&post=202"},{"taxonomy":"post_tag","embeddable":true,"href":"https:\/\/www.jeunessemandoliniste.com\/index.php?rest_route=%2Fwp%2Fv2%2Ftags&post=202"}],"curies":[{"name":"wp","href":"https:\/\/api.w.org\/{rel}","templated":true}]}}