{"id":216,"date":"2019-10-20T13:34:45","date_gmt":"2019-10-20T11:34:45","guid":{"rendered":"http:\/\/www.jeunessemandoliniste.com\/?p=216"},"modified":"2020-12-18T10:55:05","modified_gmt":"2020-12-18T09:55:05","slug":"silence-on-enregistre","status":"publish","type":"post","link":"https:\/\/www.jeunessemandoliniste.com\/?p=216","title":{"rendered":"Silence, on enregistre !"},"content":{"rendered":"\n<p>Le weekend du 19\/20 octobre 2019, la <em>Jeunesse Mandoliniste <\/em>de Hagondange a proc\u00e9d\u00e9 \u00e0 la premi\u00e8re s\u00e9ance d&rsquo;enregistrement de son prochain album.<\/p>\n\n\n\n<p>Rendez-vous dans quelques semaines pour d\u00e9couvrir le pr\u00e9cieux s\u00e9same !<\/p>\n\n\n\n<div class=\"wp-block-image\"><figure class=\"aligncenter is-resized\"><img loading=\"lazy\" decoding=\"async\" src=\"https:\/\/www.jeunessemandoliniste.com\/wp-content\/uploads\/2019\/10\/IMG_20191019_101141-1024x768.jpg\" alt=\"\" class=\"wp-image-218\" width=\"610\" height=\"458\" srcset=\"https:\/\/www.jeunessemandoliniste.com\/wp-content\/uploads\/2019\/10\/IMG_20191019_101141-1024x768.jpg 1024w, https:\/\/www.jeunessemandoliniste.com\/wp-content\/uploads\/2019\/10\/IMG_20191019_101141-300x225.jpg 300w, https:\/\/www.jeunessemandoliniste.com\/wp-content\/uploads\/2019\/10\/IMG_20191019_101141-768x576.jpg 768w\" sizes=\"auto, (max-width: 610px) 100vw, 610px\" \/><\/figure><\/div>\n\n\n\n<div class=\"wp-block-image\"><figure class=\"aligncenter is-resized\"><img loading=\"lazy\" decoding=\"async\" src=\"https:\/\/www.jeunessemandoliniste.com\/wp-content\/uploads\/2019\/10\/IMG_20191019_115031-1024x768.jpg\" alt=\"\" class=\"wp-image-219\" width=\"611\" height=\"458\" srcset=\"https:\/\/www.jeunessemandoliniste.com\/wp-content\/uploads\/2019\/10\/IMG_20191019_115031-1024x768.jpg 1024w, https:\/\/www.jeunessemandoliniste.com\/wp-content\/uploads\/2019\/10\/IMG_20191019_115031-300x225.jpg 300w, https:\/\/www.jeunessemandoliniste.com\/wp-content\/uploads\/2019\/10\/IMG_20191019_115031-768x576.jpg 768w\" sizes=\"auto, (max-width: 611px) 100vw, 611px\" \/><\/figure><\/div>\n","protected":false},"excerpt":{"rendered":"<p>Le weekend du 19\/20 octobre 2019, la Jeunesse Mandoliniste de Hagondange a proc\u00e9d\u00e9 \u00e0 la premi\u00e8re s\u00e9ance d&rsquo;enregistrement de son prochain album. Rendez-vous dans quelques semaines pour d\u00e9couvrir le pr\u00e9cieux s\u00e9same !<\/p>\n","protected":false},"author":1,"featured_media":0,"comment_status":"closed","ping_status":"open","sticky":false,"template":"","format":"standard","meta":{"footnotes":""},"categories":[51],"tags":[58,14,7],"class_list":["post-216","post","type-post","status-publish","format-standard","hentry","category-actualites","tag-enregistrement-album","tag-jeunesse-mandoliniste-de-hagondange","tag-mandoline"],"_links":{"self":[{"href":"https:\/\/www.jeunessemandoliniste.com\/index.php?rest_route=\/wp\/v2\/posts\/216","targetHints":{"allow":["GET"]}}],"collection":[{"href":"https:\/\/www.jeunessemandoliniste.com\/index.php?rest_route=\/wp\/v2\/posts"}],"about":[{"href":"https:\/\/www.jeunessemandoliniste.com\/index.php?rest_route=\/wp\/v2\/types\/post"}],"author":[{"embeddable":true,"href":"https:\/\/www.jeunessemandoliniste.com\/index.php?rest_route=\/wp\/v2\/users\/1"}],"replies":[{"embeddable":true,"href":"https:\/\/www.jeunessemandoliniste.com\/index.php?rest_route=%2Fwp%2Fv2%2Fcomments&post=216"}],"version-history":[{"count":7,"href":"https:\/\/www.jeunessemandoliniste.com\/index.php?rest_route=\/wp\/v2\/posts\/216\/revisions"}],"predecessor-version":[{"id":299,"href":"https:\/\/www.jeunessemandoliniste.com\/index.php?rest_route=\/wp\/v2\/posts\/216\/revisions\/299"}],"wp:attachment":[{"href":"https:\/\/www.jeunessemandoliniste.com\/index.php?rest_route=%2Fwp%2Fv2%2Fmedia&parent=216"}],"wp:term":[{"taxonomy":"category","embeddable":true,"href":"https:\/\/www.jeunessemandoliniste.com\/index.php?rest_route=%2Fwp%2Fv2%2Fcategories&post=216"},{"taxonomy":"post_tag","embeddable":true,"href":"https:\/\/www.jeunessemandoliniste.com\/index.php?rest_route=%2Fwp%2Fv2%2Ftags&post=216"}],"curies":[{"name":"wp","href":"https:\/\/api.w.org\/{rel}","templated":true}]}}