{"id":224,"date":"2020-03-08T20:44:02","date_gmt":"2020-03-08T19:44:02","guid":{"rendered":"http:\/\/www.jeunessemandoliniste.com\/?p=224"},"modified":"2020-12-16T21:46:21","modified_gmt":"2020-12-16T20:46:21","slug":"concert-dimanche-5-avril-2020-a-16h00","status":"publish","type":"post","link":"https:\/\/www.jeunessemandoliniste.com\/?p=224","title":{"rendered":"Concert dimanche 5 avril 2020 \u00e0 16h00"},"content":{"rendered":"\n<h2 class=\"has-text-align-center wp-block-heading\">CONCERT ANNULE en raison des \u00e9v\u00e8nements sanitaires li\u00e9s au Coronavirus COVID-19<\/h2>\n\n\n\n<p>Le concert de printemps 2020 de la <em>Jeunesse Mandoliniste d\u2019Hagondange<\/em> aura lieu le <strong>dimanche 05 avril 2020 \u00e0 16h00 <\/strong>dans la Salle Paul LAMM de Hagondange.<\/p>\n\n\n\n<p>En premi\u00e8re partie  la <em>Jeunesse Mandoliniste d\u2019Hagondange<\/em> pr\u00e9sentera un programme vari\u00e9 de pi\u00e8ces originales pour orchestre \u00e0 plectres. Il est loin le temps o\u00f9 nos orchestres ressassaient toujours, concerts apr\u00e8s concerts les m\u00eames rengaines surann\u00e9es, romances napolitaines ou adaptations plus ou moins heureuses de pi\u00e8ces du \u00ab\u00a0grand r\u00e9pertoire\u00a0\u00bb comme on disait alors. Les compositeurs actuels savent tirer profit des caract\u00e9ristiques techniques des instruments des orchestres \u00e0 plectre.<\/p>\n\n\n\n<p>En seconde partie, place \u00e0 la chorale pop-rock <em>Crescendo<\/em> de J\u0153uf et \u00e0 ses musiciens.  Fond\u00e9e en 2000, elle a pour vocation de revisiter le r\u00e9pertoire choral fran\u00e7ais et international. La quarantaine de chanteur, plac\u00e9e sous la direction \u00e9nergique de <strong>R\u00e9my Hennequin<\/strong>, est accompagn\u00e9e par un orchestre rock. Leur programme actuel \u00abJuke Vox\u00bb comprend des chansons de Juliette Armanet, Louane ou Zazie mais aussi Pink Floyd, Nirvana, Cohen ou Queen. <\/p>\n\n\n\n<p><em><strong>CONCERT ANNULE en raison des restrictions sanitaires gouvernementales li\u00e9es \u00e0 la crise de la COVID-19<\/strong><\/em><\/p>\n","protected":false},"excerpt":{"rendered":"<p>CONCERT ANNULE en raison des \u00e9v\u00e8nements sanitaires li\u00e9s au Coronavirus COVID-19 Le concert de printemps 2020 de la Jeunesse Mandoliniste d\u2019Hagondange aura lieu le dimanche 05 avril 2020 \u00e0 16h00 dans la Salle Paul LAMM de Hagondange. En premi\u00e8re partie la Jeunesse Mandoliniste d\u2019Hagondange pr\u00e9sentera un programme vari\u00e9 de pi\u00e8ces originales pour orchestre \u00e0 plectres. [&hellip;]<\/p>\n","protected":false},"author":1,"featured_media":0,"comment_status":"closed","ping_status":"open","sticky":false,"template":"","format":"standard","meta":{"footnotes":""},"categories":[3],"tags":[61,19,14,7,15,62,20],"class_list":["post-224","post","type-post","status-publish","format-standard","hentry","category-concert","tag-crescendo","tag-hagondange","tag-jeunesse-mandoliniste-de-hagondange","tag-mandoline","tag-orchestre-a-plectre","tag-remy-hennequin","tag-salle-paul-lamm"],"_links":{"self":[{"href":"https:\/\/www.jeunessemandoliniste.com\/index.php?rest_route=\/wp\/v2\/posts\/224","targetHints":{"allow":["GET"]}}],"collection":[{"href":"https:\/\/www.jeunessemandoliniste.com\/index.php?rest_route=\/wp\/v2\/posts"}],"about":[{"href":"https:\/\/www.jeunessemandoliniste.com\/index.php?rest_route=\/wp\/v2\/types\/post"}],"author":[{"embeddable":true,"href":"https:\/\/www.jeunessemandoliniste.com\/index.php?rest_route=\/wp\/v2\/users\/1"}],"replies":[{"embeddable":true,"href":"https:\/\/www.jeunessemandoliniste.com\/index.php?rest_route=%2Fwp%2Fv2%2Fcomments&post=224"}],"version-history":[{"count":6,"href":"https:\/\/www.jeunessemandoliniste.com\/index.php?rest_route=\/wp\/v2\/posts\/224\/revisions"}],"predecessor-version":[{"id":241,"href":"https:\/\/www.jeunessemandoliniste.com\/index.php?rest_route=\/wp\/v2\/posts\/224\/revisions\/241"}],"wp:attachment":[{"href":"https:\/\/www.jeunessemandoliniste.com\/index.php?rest_route=%2Fwp%2Fv2%2Fmedia&parent=224"}],"wp:term":[{"taxonomy":"category","embeddable":true,"href":"https:\/\/www.jeunessemandoliniste.com\/index.php?rest_route=%2Fwp%2Fv2%2Fcategories&post=224"},{"taxonomy":"post_tag","embeddable":true,"href":"https:\/\/www.jeunessemandoliniste.com\/index.php?rest_route=%2Fwp%2Fv2%2Ftags&post=224"}],"curies":[{"name":"wp","href":"https:\/\/api.w.org\/{rel}","templated":true}]}}