{"id":229,"date":"2019-11-01T21:36:00","date_gmt":"2019-11-01T20:36:00","guid":{"rendered":"http:\/\/www.jeunessemandoliniste.com\/?p=229"},"modified":"2020-03-08T21:45:36","modified_gmt":"2020-03-08T20:45:36","slug":"concert-dimanche-24-novembre-2019-a-16h00","status":"publish","type":"post","link":"https:\/\/www.jeunessemandoliniste.com\/?p=229","title":{"rendered":"Concert dimanche 24 novembre 2019 \u00e0 16h00"},"content":{"rendered":"\n<p>La <em>Jeunesse Mandoliniste de Hagondange<\/em> organise son traditionnel concert d\u2019automne le dimanche <strong>24 novembre 2019 \u00e0 16h00<\/strong> \u00e0 la Salle Paul Lamm d\u2019Hagondange.                                 <\/p>\n\n\n\n<p>En premi\u00e8re partie, l&rsquo;orchestre proposera un programme d\u2019\u0153uvres de musiciens contemporains internationaux qui renouvellent le r\u00e9pertoire des orchestres \u00e0 plectre : \u00abDanza Cubana\u00bb de <strong>Dominik Hackner<\/strong>, \u00abAu del\u00e0 de l&rsquo;Arc-en-ciel\u00bb de <strong>Yasuo Kuwahara<\/strong> ou encore \u00abMadrid\u00bb du compositeur messin <strong>Ricardo Sandoval<\/strong>.<\/p>\n\n\n\n<p>La seconde partie verra le plateau occup\u00e9 par un jeune quatuor compos\u00e9 de deux mandolines, d&rsquo;une mandole et d&rsquo;une guitare, l&rsquo;<em>Ensemble Fides<\/em>. Fond\u00e9 en 2016, ce groupe est compos\u00e9 de quatre musiciens qui se sont connus au cours de leurs \u00e9tude musicales aupr\u00e8s de professeurs \u00e9m\u00e9rites au Conservatoire de Esch-sur-Alzette, \u00e0 la Hochschule de Sarrebruck ou de Cologne. Leur passion pour la musique est communicative. Leur r\u00e9pertoire couvre les p\u00e9riodes baroque, classique et contemporaine tout en laissant la part belle \u00e0 la cr\u00e9ativit\u00e9 de la musique populaire.<\/p>\n\n\n\n<div class=\"wp-block-image\"><figure class=\"aligncenter size-large\"><img loading=\"lazy\" decoding=\"async\" width=\"527\" height=\"769\" src=\"https:\/\/www.jeunessemandoliniste.com\/wp-content\/uploads\/2020\/03\/Concert20191124.png\" alt=\"\" class=\"wp-image-230\" srcset=\"https:\/\/www.jeunessemandoliniste.com\/wp-content\/uploads\/2020\/03\/Concert20191124.png 527w, https:\/\/www.jeunessemandoliniste.com\/wp-content\/uploads\/2020\/03\/Concert20191124-206x300.png 206w\" sizes=\"auto, (max-width: 527px) 100vw, 527px\" \/><\/figure><\/div>\n","protected":false},"excerpt":{"rendered":"<p>La Jeunesse Mandoliniste de Hagondange organise son traditionnel concert d\u2019automne le dimanche 24 novembre 2019 \u00e0 16h00 \u00e0 la Salle Paul Lamm d\u2019Hagondange. En premi\u00e8re partie, l&rsquo;orchestre proposera un programme d\u2019\u0153uvres de musiciens contemporains internationaux qui renouvellent le r\u00e9pertoire des orchestres \u00e0 plectre : \u00abDanza Cubana\u00bb de Dominik Hackner, \u00abAu del\u00e0 de l&rsquo;Arc-en-ciel\u00bb de Yasuo [&hellip;]<\/p>\n","protected":false},"author":1,"featured_media":0,"comment_status":"closed","ping_status":"open","sticky":false,"template":"","format":"standard","meta":{"footnotes":""},"categories":[3],"tags":[6,64,66,19,14,7,15,21,20,65],"class_list":["post-229","post","type-post","status-publish","format-standard","hentry","category-concert","tag-concert","tag-dominik-hackner","tag-ensemble-fides","tag-hagondange","tag-jeunesse-mandoliniste-de-hagondange","tag-mandoline","tag-orchestre-a-plectre","tag-ricardo-sandoval","tag-salle-paul-lamm","tag-yasuo-kuwahara"],"_links":{"self":[{"href":"https:\/\/www.jeunessemandoliniste.com\/index.php?rest_route=\/wp\/v2\/posts\/229","targetHints":{"allow":["GET"]}}],"collection":[{"href":"https:\/\/www.jeunessemandoliniste.com\/index.php?rest_route=\/wp\/v2\/posts"}],"about":[{"href":"https:\/\/www.jeunessemandoliniste.com\/index.php?rest_route=\/wp\/v2\/types\/post"}],"author":[{"embeddable":true,"href":"https:\/\/www.jeunessemandoliniste.com\/index.php?rest_route=\/wp\/v2\/users\/1"}],"replies":[{"embeddable":true,"href":"https:\/\/www.jeunessemandoliniste.com\/index.php?rest_route=%2Fwp%2Fv2%2Fcomments&post=229"}],"version-history":[{"count":1,"href":"https:\/\/www.jeunessemandoliniste.com\/index.php?rest_route=\/wp\/v2\/posts\/229\/revisions"}],"predecessor-version":[{"id":231,"href":"https:\/\/www.jeunessemandoliniste.com\/index.php?rest_route=\/wp\/v2\/posts\/229\/revisions\/231"}],"wp:attachment":[{"href":"https:\/\/www.jeunessemandoliniste.com\/index.php?rest_route=%2Fwp%2Fv2%2Fmedia&parent=229"}],"wp:term":[{"taxonomy":"category","embeddable":true,"href":"https:\/\/www.jeunessemandoliniste.com\/index.php?rest_route=%2Fwp%2Fv2%2Fcategories&post=229"},{"taxonomy":"post_tag","embeddable":true,"href":"https:\/\/www.jeunessemandoliniste.com\/index.php?rest_route=%2Fwp%2Fv2%2Ftags&post=229"}],"curies":[{"name":"wp","href":"https:\/\/api.w.org\/{rel}","templated":true}]}}