{"id":235,"date":"2020-03-11T14:53:05","date_gmt":"2020-03-11T13:53:05","guid":{"rendered":"http:\/\/www.jeunessemandoliniste.com\/?p=235"},"modified":"2020-12-16T21:47:42","modified_gmt":"2020-12-16T20:47:42","slug":"concert-samedi-6-juin-2020-a-20h30","status":"publish","type":"post","link":"https:\/\/www.jeunessemandoliniste.com\/?p=235","title":{"rendered":"Concert samedi 6 juin 2020 \u00e0 20h30"},"content":{"rendered":"\n<p>La <em>Jeunesse Mandoliniste d&rsquo;Hagondange<\/em> se produira <strong>la samedi 6 juin 2020 \u00e0 20h30<\/strong> dans l&rsquo;\u00e9glise de Rodemack, r\u00e9pondant \u00e0 l&rsquo;invitation de la <em>chorale Gospel<\/em> du village. L&rsquo;\u00e9v\u00e8nement est organis\u00e9 par le <em>Foyer Socioculturel de Rodemack<\/em>.<\/p>\n\n\n\n<p>Notre orchestre interviendra en premi\u00e8re partie.<\/p>\n\n\n\n<p>La chorale Gospel de Rodemack dirig\u00e9e pour Rose Ciss\u00e9 nous succ\u00e8dera.<\/p>\n\n\n\n<p><em><strong>CONCERT ANNULE en raison des restrictions sanitaires gouvernementales li\u00e9es \u00e0 la crise de la COVID-19<\/strong><\/em><\/p>\n","protected":false},"excerpt":{"rendered":"<p>La Jeunesse Mandoliniste d&rsquo;Hagondange se produira la samedi 6 juin 2020 \u00e0 20h30 dans l&rsquo;\u00e9glise de Rodemack, r\u00e9pondant \u00e0 l&rsquo;invitation de la chorale Gospel du village. L&rsquo;\u00e9v\u00e8nement est organis\u00e9 par le Foyer Socioculturel de Rodemack. Notre orchestre interviendra en premi\u00e8re partie. La chorale Gospel de Rodemack dirig\u00e9e pour Rose Ciss\u00e9 nous succ\u00e8dera. CONCERT ANNULE en [&hellip;]<\/p>\n","protected":false},"author":1,"featured_media":0,"comment_status":"closed","ping_status":"open","sticky":false,"template":"","format":"standard","meta":{"footnotes":""},"categories":[3],"tags":[17,68,67,14,7,15,69,70],"class_list":["post-235","post","type-post","status-publish","format-standard","hentry","category-concert","tag-chorale","tag-chorale-gospel-de-rodemack","tag-eglise-de-rodemack","tag-jeunesse-mandoliniste-de-hagondange","tag-mandoline","tag-orchestre-a-plectre","tag-rodemack","tag-rose-cisse"],"_links":{"self":[{"href":"https:\/\/www.jeunessemandoliniste.com\/index.php?rest_route=\/wp\/v2\/posts\/235","targetHints":{"allow":["GET"]}}],"collection":[{"href":"https:\/\/www.jeunessemandoliniste.com\/index.php?rest_route=\/wp\/v2\/posts"}],"about":[{"href":"https:\/\/www.jeunessemandoliniste.com\/index.php?rest_route=\/wp\/v2\/types\/post"}],"author":[{"embeddable":true,"href":"https:\/\/www.jeunessemandoliniste.com\/index.php?rest_route=\/wp\/v2\/users\/1"}],"replies":[{"embeddable":true,"href":"https:\/\/www.jeunessemandoliniste.com\/index.php?rest_route=%2Fwp%2Fv2%2Fcomments&post=235"}],"version-history":[{"count":2,"href":"https:\/\/www.jeunessemandoliniste.com\/index.php?rest_route=\/wp\/v2\/posts\/235\/revisions"}],"predecessor-version":[{"id":242,"href":"https:\/\/www.jeunessemandoliniste.com\/index.php?rest_route=\/wp\/v2\/posts\/235\/revisions\/242"}],"wp:attachment":[{"href":"https:\/\/www.jeunessemandoliniste.com\/index.php?rest_route=%2Fwp%2Fv2%2Fmedia&parent=235"}],"wp:term":[{"taxonomy":"category","embeddable":true,"href":"https:\/\/www.jeunessemandoliniste.com\/index.php?rest_route=%2Fwp%2Fv2%2Fcategories&post=235"},{"taxonomy":"post_tag","embeddable":true,"href":"https:\/\/www.jeunessemandoliniste.com\/index.php?rest_route=%2Fwp%2Fv2%2Ftags&post=235"}],"curies":[{"name":"wp","href":"https:\/\/api.w.org\/{rel}","templated":true}]}}