{"id":310,"date":"2022-02-23T10:15:00","date_gmt":"2022-02-23T09:15:00","guid":{"rendered":"http:\/\/www.jeunessemandoliniste.com\/?p=310"},"modified":"2025-10-27T20:35:17","modified_gmt":"2025-10-27T19:35:17","slug":"concert-dimanche-20-mars-2022-a-16h00","status":"publish","type":"post","link":"https:\/\/www.jeunessemandoliniste.com\/?p=310","title":{"rendered":"Concert dimanche 20 mars 2022 \u00e0 16h00"},"content":{"rendered":"\n<p>La\u00a0<em>Jeunesse Mandoliniste de Hagondange<\/em>\u00a0organise son traditionnel concert de printemps le dimanche\u00a0<strong>20 mars 2022 \u00e0 16h00<\/strong>\u00a0\u00e0 la Salle Paul Lamm d\u2019Hagondange.<\/p>\n\n\n\n<p>En premi\u00e8re partie de son concert, la <em>Jeunesse Mandoliniste de Hagondange<\/em> pr\u00e9sentera un programme vari\u00e9 de pi\u00e8ces originales pour orchestre \u00e0 plectres, avec <strong>David Da Costa Rio<\/strong>, professeur de mandoline au conservatoire. Elle laissera ensuite la place \u00e0 un groupe de musique Irlandaise.<\/p>\n\n\n\n<p>L&rsquo;orchestre est fi\u00e8re de compter en son sein l&rsquo;un des plus talentueux mandoliniste de la r\u00e9gion, <strong>David Da Costa Rio<\/strong>, professeur de mandoline aux <em>Conservatoires d&rsquo;Hagondange<\/em> et d&rsquo;<em>Esch-sur-Alzette<\/em> (L). \u00c0 l&rsquo;instar de son mentor, <strong>Juan Carlos Mu\u00f1oz<\/strong>, il est dipl\u00f4m\u00e9 du Conservatoire d&rsquo;Esch-sur-Alzette et de la \u00abHochschule f\u00fcr Musik\u00bb de <em>Cologne<\/em>. Il interpr\u00e9tera le brillant <em>Concerto pour mandoline et orchestre en Ut<\/em> d&rsquo;<strong>Antonio Vivaldi<\/strong>. <\/p>\n\n\n\n<p>L&rsquo;Italie sera encore \u00e0 l&rsquo;honneur avec une virevoltante <em>Tarentelle<\/em> de <strong>Raffaele Calace<\/strong>. Mais le voyage ne s\u2019arr\u00eatera pas l\u00e0 car l&rsquo;orchestre interpr\u00e9tera la Suite Espagnole en 4 mouvements de <strong>Enrique de Ulierte<\/strong> ainsi que <em>The Tears of Stella<\/em> du compositeur grec <strong>Timotheos Arvanitakis<\/strong>. <\/p>\n\n\n\n<p>En seconde partie, les musiciens des \u00ab\u00a0<strong>RdV Irlandais<\/strong>\u00a0\u00bb vous feront vivre l&rsquo;ambiance des Pubs au son des tin whistle, cornemuse, bodhran, banjo, violon, diatonique et guitare.<\/p>\n","protected":false},"excerpt":{"rendered":"<p>La\u00a0Jeunesse Mandoliniste de Hagondange\u00a0organise son traditionnel concert de printemps le dimanche\u00a020 mars 2022 \u00e0 16h00\u00a0\u00e0 la Salle Paul Lamm d\u2019Hagondange. En premi\u00e8re partie de son concert, la Jeunesse Mandoliniste de Hagondange pr\u00e9sentera un programme vari\u00e9 de pi\u00e8ces originales pour orchestre \u00e0 plectres, avec David Da Costa Rio, professeur de mandoline au conservatoire. Elle laissera ensuite [&hellip;]<\/p>\n","protected":false},"author":1,"featured_media":0,"comment_status":"closed","ping_status":"closed","sticky":false,"template":"","format":"standard","meta":{"footnotes":""},"categories":[3],"tags":[84,89,88,6,81,90,80,85,72,19,14,7,15,83,87,20,86,71],"class_list":["post-310","post","type-post","status-publish","format-standard","hentry","category-concert","tag-antonio-vivaldi","tag-banjo","tag-bodhran","tag-concert","tag-concerto","tag-cornemuse","tag-david-da-costa-rio","tag-enrique-de-ulierte","tag-guitare","tag-hagondange","tag-jeunesse-mandoliniste-de-hagondange","tag-mandoline","tag-orchestre-a-plectre","tag-raffaele-calace","tag-rdv-irlandais","tag-salle-paul-lamm","tag-timotheos-arvanitakis","tag-violon"],"_links":{"self":[{"href":"https:\/\/www.jeunessemandoliniste.com\/index.php?rest_route=\/wp\/v2\/posts\/310","targetHints":{"allow":["GET"]}}],"collection":[{"href":"https:\/\/www.jeunessemandoliniste.com\/index.php?rest_route=\/wp\/v2\/posts"}],"about":[{"href":"https:\/\/www.jeunessemandoliniste.com\/index.php?rest_route=\/wp\/v2\/types\/post"}],"author":[{"embeddable":true,"href":"https:\/\/www.jeunessemandoliniste.com\/index.php?rest_route=\/wp\/v2\/users\/1"}],"replies":[{"embeddable":true,"href":"https:\/\/www.jeunessemandoliniste.com\/index.php?rest_route=%2Fwp%2Fv2%2Fcomments&post=310"}],"version-history":[{"count":3,"href":"https:\/\/www.jeunessemandoliniste.com\/index.php?rest_route=\/wp\/v2\/posts\/310\/revisions"}],"predecessor-version":[{"id":314,"href":"https:\/\/www.jeunessemandoliniste.com\/index.php?rest_route=\/wp\/v2\/posts\/310\/revisions\/314"}],"wp:attachment":[{"href":"https:\/\/www.jeunessemandoliniste.com\/index.php?rest_route=%2Fwp%2Fv2%2Fmedia&parent=310"}],"wp:term":[{"taxonomy":"category","embeddable":true,"href":"https:\/\/www.jeunessemandoliniste.com\/index.php?rest_route=%2Fwp%2Fv2%2Fcategories&post=310"},{"taxonomy":"post_tag","embeddable":true,"href":"https:\/\/www.jeunessemandoliniste.com\/index.php?rest_route=%2Fwp%2Fv2%2Ftags&post=310"}],"curies":[{"name":"wp","href":"https:\/\/api.w.org\/{rel}","templated":true}]}}