{"id":346,"date":"2025-10-27T20:39:38","date_gmt":"2025-10-27T19:39:38","guid":{"rendered":"https:\/\/www.jeunessemandoliniste.com\/?p=346"},"modified":"2025-10-30T15:52:59","modified_gmt":"2025-10-30T14:52:59","slug":"concert-vendredi-28-novembre-2025-a-20h00","status":"publish","type":"post","link":"https:\/\/www.jeunessemandoliniste.com\/?p=346","title":{"rendered":"Concert vendredi 28 novembre 2025 \u00e0 20h00"},"content":{"rendered":"\n<p>Dans le cadre de son 90\u00e8me anniversaire, la <em><strong>Jeunesse Mandoliniste<\/strong><\/em> d&rsquo;Hagondange invite le <em><strong>Duo Lyra<\/strong><\/em> avec <em>Manon Opavska<\/em> et <em>Tony Coullet<\/em>, \u00ab Du Br\u00e9sil \u00e0 l\u2019Espagne \u00bb<\/p>\n\n\n\n<div class=\"wp-block-columns is-layout-flex wp-container-core-columns-is-layout-9d6595d7 wp-block-columns-is-layout-flex\">\n<div class=\"wp-block-column is-layout-flow wp-block-column-is-layout-flow\" style=\"flex-basis:100%\"><div class=\"wp-block-image\">\n<figure class=\"aligncenter size-large is-resized\"><img loading=\"lazy\" decoding=\"async\" width=\"883\" height=\"1024\" src=\"https:\/\/www.jeunessemandoliniste.com\/wp-content\/uploads\/2025\/10\/DUO-LYRA-883x1024.jpg\" alt=\"\" class=\"wp-image-372\" style=\"width:478px;height:auto\" srcset=\"https:\/\/www.jeunessemandoliniste.com\/wp-content\/uploads\/2025\/10\/DUO-LYRA-883x1024.jpg 883w, https:\/\/www.jeunessemandoliniste.com\/wp-content\/uploads\/2025\/10\/DUO-LYRA-259x300.jpg 259w, https:\/\/www.jeunessemandoliniste.com\/wp-content\/uploads\/2025\/10\/DUO-LYRA-768x891.jpg 768w, https:\/\/www.jeunessemandoliniste.com\/wp-content\/uploads\/2025\/10\/DUO-LYRA-1324x1536.jpg 1324w, https:\/\/www.jeunessemandoliniste.com\/wp-content\/uploads\/2025\/10\/DUO-LYRA.jpg 1765w\" sizes=\"auto, (max-width: 883px) 100vw, 883px\" \/><\/figure><\/div><\/div>\n<\/div>\n\n\n\n<p>Cr\u00e9\u00e9 en 2021 \u00e0 l\u2019issue de leur premier master au Conservatoire Royal de Li\u00e8ge, le <strong>Duo Lyra <\/strong>cherche \u00e0 briser les codes rattach\u00e9s \u00e0 leurs instruments en proposant un r\u00e9pertoire ouvert aux musiques actuelles, classiques, jazz, rock ou encore de la chanson fran\u00e7aise.<\/p>\n\n\n\n<p>En 2024, le duo passe commande \u00e0 des compositeurs tels que Nicolas Mazmanian, Vincent Beer-Demander, Ricardo Sandoval afin de d\u00e9velopper le r\u00e9pertoire de musique de chambre.<\/p>\n\n\n\n<p>Ils jouent r\u00e9guli\u00e8rement dans des festivals tels que le Mandol\u2019in Marseille festival, le festival Musique en Vivarais, le festival International de Musica de plectro \u00e0 Porto, le festival Musique en D\u00e9voluy, le festival de Blauvac, les Musicales aux Salelles&#8230;<\/p>\n\n\n\n<p>En septembre 2024, ils apparaissent aussi sur l\u2019album du rappeur Dooz Kawa.<\/p>\n","protected":false},"excerpt":{"rendered":"<p>Dans le cadre de son 90\u00e8me anniversaire, la Jeunesse Mandoliniste d&rsquo;Hagondange invite le Duo Lyra avec Manon Opavska et Tony Coullet, \u00ab Du Br\u00e9sil \u00e0 l\u2019Espagne \u00bb Cr\u00e9\u00e9 en 2021 \u00e0 l\u2019issue de leur premier master au Conservatoire Royal de Li\u00e8ge, le Duo Lyra cherche \u00e0 briser les codes rattach\u00e9s \u00e0 leurs instruments en proposant [&hellip;]<\/p>\n","protected":false},"author":1,"featured_media":0,"comment_status":"closed","ping_status":"closed","sticky":false,"template":"","format":"standard","meta":{"footnotes":""},"categories":[3],"tags":[6,106,19,105,14,7],"class_list":["post-346","post","type-post","status-publish","format-standard","hentry","category-concert","tag-concert","tag-duo-lyra","tag-hagondange","tag-harpe","tag-jeunesse-mandoliniste-de-hagondange","tag-mandoline"],"_links":{"self":[{"href":"https:\/\/www.jeunessemandoliniste.com\/index.php?rest_route=\/wp\/v2\/posts\/346","targetHints":{"allow":["GET"]}}],"collection":[{"href":"https:\/\/www.jeunessemandoliniste.com\/index.php?rest_route=\/wp\/v2\/posts"}],"about":[{"href":"https:\/\/www.jeunessemandoliniste.com\/index.php?rest_route=\/wp\/v2\/types\/post"}],"author":[{"embeddable":true,"href":"https:\/\/www.jeunessemandoliniste.com\/index.php?rest_route=\/wp\/v2\/users\/1"}],"replies":[{"embeddable":true,"href":"https:\/\/www.jeunessemandoliniste.com\/index.php?rest_route=%2Fwp%2Fv2%2Fcomments&post=346"}],"version-history":[{"count":3,"href":"https:\/\/www.jeunessemandoliniste.com\/index.php?rest_route=\/wp\/v2\/posts\/346\/revisions"}],"predecessor-version":[{"id":373,"href":"https:\/\/www.jeunessemandoliniste.com\/index.php?rest_route=\/wp\/v2\/posts\/346\/revisions\/373"}],"wp:attachment":[{"href":"https:\/\/www.jeunessemandoliniste.com\/index.php?rest_route=%2Fwp%2Fv2%2Fmedia&parent=346"}],"wp:term":[{"taxonomy":"category","embeddable":true,"href":"https:\/\/www.jeunessemandoliniste.com\/index.php?rest_route=%2Fwp%2Fv2%2Fcategories&post=346"},{"taxonomy":"post_tag","embeddable":true,"href":"https:\/\/www.jeunessemandoliniste.com\/index.php?rest_route=%2Fwp%2Fv2%2Ftags&post=346"}],"curies":[{"name":"wp","href":"https:\/\/api.w.org\/{rel}","templated":true}]}}