{"id":348,"date":"2025-10-27T20:41:05","date_gmt":"2025-10-27T19:41:05","guid":{"rendered":"https:\/\/www.jeunessemandoliniste.com\/?p=348"},"modified":"2025-10-30T16:04:09","modified_gmt":"2025-10-30T15:04:09","slug":"concert-samedi-29-novembre-2025-a-20h00","status":"publish","type":"post","link":"https:\/\/www.jeunessemandoliniste.com\/?p=348","title":{"rendered":"Concert samedi 29 novembre 2025 \u00e0 20h00"},"content":{"rendered":"\n<p>Dans le cadre de son 90\u00e8me anniversaire, la <em>Jeunesse Mandoliniste<\/em> d&rsquo;Hagondange invite <strong><em>F\u00e9loche and the Mandolin Orchestra<\/em><\/strong> (Compos\u00e9 des membres de la Jeunesse Mandoliniste et de nombreux amis).<\/p>\n\n\n<div class=\"wp-block-image\">\n<figure class=\"aligncenter size-large is-resized\"><img loading=\"lazy\" decoding=\"async\" width=\"679\" height=\"1024\" src=\"https:\/\/www.jeunessemandoliniste.com\/wp-content\/uploads\/2025\/10\/FELOCHE-679x1024.jpg\" alt=\"\" class=\"wp-image-374\" style=\"width:370px;height:auto\" srcset=\"https:\/\/www.jeunessemandoliniste.com\/wp-content\/uploads\/2025\/10\/FELOCHE-679x1024.jpg 679w, https:\/\/www.jeunessemandoliniste.com\/wp-content\/uploads\/2025\/10\/FELOCHE-199x300.jpg 199w, https:\/\/www.jeunessemandoliniste.com\/wp-content\/uploads\/2025\/10\/FELOCHE-768x1159.jpg 768w, https:\/\/www.jeunessemandoliniste.com\/wp-content\/uploads\/2025\/10\/FELOCHE-1018x1536.jpg 1018w, https:\/\/www.jeunessemandoliniste.com\/wp-content\/uploads\/2025\/10\/FELOCHE.jpg 1357w\" sizes=\"auto, (max-width: 679px) 100vw, 679px\" \/><\/figure><\/div>\n\n\n<p><\/p>\n\n\n\n<p>Auteur compositeur interpr\u00e8te amoureux de la mandoline, dont il s\u2019accompagne sur sc\u00e8ne, <strong>F\u00e9loche<\/strong> (nomination Victoires de la Musiques 2015) est un v\u00e9ritable funambule de la chanson fran\u00e7aise.<\/p>\n\n\n\n<p>Au c\u0153ur de ses chansons il y a les rencontres humaines et les voyages qui l&rsquo;ont marqu\u00e9, Bonifacio qui lui a fait connaitre et aimer l&rsquo;\u00eele de la Gomera et qui lui a inspir\u00e9 la chanson \u00ab Silbo \u00bb mais aussi Capucine Trochet et son bateau bricol\u00e9 \u00ab Tara-Tari \u00bb dont il a fait une magnifique chanson au titre \u00e9ponyme<br>\u00ab<strong><em>F\u00e9loche and The Mandolin Orchestra<\/em><\/strong> \u00bb s\u2019inscrit bien dans cette id\u00e9e de rencontres et de funambulisme.<\/p>\n\n\n\n<p>D\u2019habitude accompagn\u00e9 par un groupe Rock, <strong>F\u00e9loche <\/strong>a imagin\u00e9 le projet de partager la sc\u00e8ne avec un orchestre de mandoline diff\u00e9rent \u00e0 chaque concert \u00e0 Marseille, \u00e0 Argenteuil\u2026C\u2019est son ami Vincent Beer-Demander (mandoliniste internationalement reconnu, compositeur et arrangeur) qui s\u2019est coll\u00e9 aux arrangements et interpr\u00e8te les solos.<\/p>\n\n\n\n<p>Pour son \u00e9tape Hagondangeoise, \u00ab The Mandolin Orchestra \u00bb sera compos\u00e9 de la JMH (Jeunesse Mandoliniste d\u2019Hagondange) et de musiciens venus parfois de fort loin pour partager ce moment unique.<\/p>\n","protected":false},"excerpt":{"rendered":"<p>Dans le cadre de son 90\u00e8me anniversaire, la Jeunesse Mandoliniste d&rsquo;Hagondange invite F\u00e9loche and the Mandolin Orchestra (Compos\u00e9 des membres de la Jeunesse Mandoliniste et de nombreux amis). Auteur compositeur interpr\u00e8te amoureux de la mandoline, dont il s\u2019accompagne sur sc\u00e8ne, F\u00e9loche (nomination Victoires de la Musiques 2015) est un v\u00e9ritable funambule de la chanson fran\u00e7aise. [&hellip;]<\/p>\n","protected":false},"author":1,"featured_media":0,"comment_status":"closed","ping_status":"closed","sticky":false,"template":"","format":"standard","meta":{"footnotes":""},"categories":[3],"tags":[109,6,107,72,19,14,7,15,20,108],"class_list":["post-348","post","type-post","status-publish","format-standard","hentry","category-concert","tag-chanson-francaise","tag-concert","tag-feloche","tag-guitare","tag-hagondange","tag-jeunesse-mandoliniste-de-hagondange","tag-mandoline","tag-orchestre-a-plectre","tag-salle-paul-lamm","tag-vincent-beer-demander"],"_links":{"self":[{"href":"https:\/\/www.jeunessemandoliniste.com\/index.php?rest_route=\/wp\/v2\/posts\/348","targetHints":{"allow":["GET"]}}],"collection":[{"href":"https:\/\/www.jeunessemandoliniste.com\/index.php?rest_route=\/wp\/v2\/posts"}],"about":[{"href":"https:\/\/www.jeunessemandoliniste.com\/index.php?rest_route=\/wp\/v2\/types\/post"}],"author":[{"embeddable":true,"href":"https:\/\/www.jeunessemandoliniste.com\/index.php?rest_route=\/wp\/v2\/users\/1"}],"replies":[{"embeddable":true,"href":"https:\/\/www.jeunessemandoliniste.com\/index.php?rest_route=%2Fwp%2Fv2%2Fcomments&post=348"}],"version-history":[{"count":3,"href":"https:\/\/www.jeunessemandoliniste.com\/index.php?rest_route=\/wp\/v2\/posts\/348\/revisions"}],"predecessor-version":[{"id":383,"href":"https:\/\/www.jeunessemandoliniste.com\/index.php?rest_route=\/wp\/v2\/posts\/348\/revisions\/383"}],"wp:attachment":[{"href":"https:\/\/www.jeunessemandoliniste.com\/index.php?rest_route=%2Fwp%2Fv2%2Fmedia&parent=348"}],"wp:term":[{"taxonomy":"category","embeddable":true,"href":"https:\/\/www.jeunessemandoliniste.com\/index.php?rest_route=%2Fwp%2Fv2%2Fcategories&post=348"},{"taxonomy":"post_tag","embeddable":true,"href":"https:\/\/www.jeunessemandoliniste.com\/index.php?rest_route=%2Fwp%2Fv2%2Ftags&post=348"}],"curies":[{"name":"wp","href":"https:\/\/api.w.org\/{rel}","templated":true}]}}