{"id":350,"date":"2025-10-27T20:42:39","date_gmt":"2025-10-27T19:42:39","guid":{"rendered":"https:\/\/www.jeunessemandoliniste.com\/?p=350"},"modified":"2025-10-30T16:03:55","modified_gmt":"2025-10-30T15:03:55","slug":"concert-dimanche-30-novembre-2025-a-15h00","status":"publish","type":"post","link":"https:\/\/www.jeunessemandoliniste.com\/?p=350","title":{"rendered":"Concert dimanche 30 novembre 2025 \u00e0 15h00"},"content":{"rendered":"\n<p>Dans le cadre de son 90 \u00e8me anniversaire, la <em>Jeunesse Mandoliniste<\/em> d&rsquo;Hagondange re\u00e7oit le quatuor \u00ab\u00a0<strong><em>Cuarteto del Sur<\/em><\/strong>\u00ab\u00a0.<\/p>\n\n\n<div class=\"wp-block-image\">\n<figure class=\"aligncenter size-large is-resized\"><img loading=\"lazy\" decoding=\"async\" width=\"764\" height=\"1024\" src=\"https:\/\/www.jeunessemandoliniste.com\/wp-content\/uploads\/2025\/10\/CUARTETO-764x1024.jpg\" alt=\"\" class=\"wp-image-377\" style=\"width:407px;height:auto\" srcset=\"https:\/\/www.jeunessemandoliniste.com\/wp-content\/uploads\/2025\/10\/CUARTETO-764x1024.jpg 764w, https:\/\/www.jeunessemandoliniste.com\/wp-content\/uploads\/2025\/10\/CUARTETO-224x300.jpg 224w, https:\/\/www.jeunessemandoliniste.com\/wp-content\/uploads\/2025\/10\/CUARTETO-768x1029.jpg 768w, https:\/\/www.jeunessemandoliniste.com\/wp-content\/uploads\/2025\/10\/CUARTETO-1146x1536.jpg 1146w, https:\/\/www.jeunessemandoliniste.com\/wp-content\/uploads\/2025\/10\/CUARTETO.jpg 1528w\" sizes=\"auto, (max-width: 764px) 100vw, 764px\" \/><\/figure><\/div>\n\n\n<p><\/p>\n\n\n\n<p>La formation <strong><em>Cuarteto del Sur <\/em><\/strong>met en \u00e9vidence les sons typiques de la mandoline, de la mandole et du mandoloncelle, en parcourant des musiques qui s&rsquo;\u00e9tendent de la M\u00e9diterran\u00e9e \u00e0 l&rsquo;Am\u00e9rique du sud.<br>Les musiciens proviennent de diverses origines et partagent leur savoir-faire et leur ma\u00eetrise dans des r\u00e9pertoires et styles tr\u00e8s vari\u00e9s.<\/p>\n\n\n\n<p>Les rythmes endiabl\u00e9s et les m\u00e9lodies envo\u00fbtantes des musiques du sud unissent ces quatre musiciens, m\u00ealant all\u00e9gresse, danse, m\u00e9lancolie et sentiments les plus profonds.<br><em>Ricardo Sandoval<\/em>, <em>Katherine Lasso-Castillo<\/em>, <em>Thomas Plancade<\/em> et <em>Tony Coullet<\/em>. \u00ab De la M\u00e9diterran\u00e9e \u00e0 l\u2019Am\u00e9rique du Sud \u00bb<\/p>\n\n\n\n<p>Un concert qui d\u00e9borde de couleur !<\/p>\n","protected":false},"excerpt":{"rendered":"<p>Dans le cadre de son 90 \u00e8me anniversaire, la Jeunesse Mandoliniste d&rsquo;Hagondange re\u00e7oit le quatuor \u00ab\u00a0Cuarteto del Sur\u00ab\u00a0. La formation Cuarteto del Sur met en \u00e9vidence les sons typiques de la mandoline, de la mandole et du mandoloncelle, en parcourant des musiques qui s&rsquo;\u00e9tendent de la M\u00e9diterran\u00e9e \u00e0 l&rsquo;Am\u00e9rique du sud.Les musiciens proviennent de diverses [&hellip;]<\/p>\n","protected":false},"author":1,"featured_media":0,"comment_status":"closed","ping_status":"closed","sticky":false,"template":"","format":"standard","meta":{"footnotes":""},"categories":[3],"tags":[6,110,19,14,7,111,15,21,20],"class_list":["post-350","post","type-post","status-publish","format-standard","hentry","category-concert","tag-concert","tag-cuarteto-del-sur","tag-hagondange","tag-jeunesse-mandoliniste-de-hagondange","tag-mandoline","tag-musique-sud-americaine","tag-orchestre-a-plectre","tag-ricardo-sandoval","tag-salle-paul-lamm"],"_links":{"self":[{"href":"https:\/\/www.jeunessemandoliniste.com\/index.php?rest_route=\/wp\/v2\/posts\/350","targetHints":{"allow":["GET"]}}],"collection":[{"href":"https:\/\/www.jeunessemandoliniste.com\/index.php?rest_route=\/wp\/v2\/posts"}],"about":[{"href":"https:\/\/www.jeunessemandoliniste.com\/index.php?rest_route=\/wp\/v2\/types\/post"}],"author":[{"embeddable":true,"href":"https:\/\/www.jeunessemandoliniste.com\/index.php?rest_route=\/wp\/v2\/users\/1"}],"replies":[{"embeddable":true,"href":"https:\/\/www.jeunessemandoliniste.com\/index.php?rest_route=%2Fwp%2Fv2%2Fcomments&post=350"}],"version-history":[{"count":6,"href":"https:\/\/www.jeunessemandoliniste.com\/index.php?rest_route=\/wp\/v2\/posts\/350\/revisions"}],"predecessor-version":[{"id":382,"href":"https:\/\/www.jeunessemandoliniste.com\/index.php?rest_route=\/wp\/v2\/posts\/350\/revisions\/382"}],"wp:attachment":[{"href":"https:\/\/www.jeunessemandoliniste.com\/index.php?rest_route=%2Fwp%2Fv2%2Fmedia&parent=350"}],"wp:term":[{"taxonomy":"category","embeddable":true,"href":"https:\/\/www.jeunessemandoliniste.com\/index.php?rest_route=%2Fwp%2Fv2%2Fcategories&post=350"},{"taxonomy":"post_tag","embeddable":true,"href":"https:\/\/www.jeunessemandoliniste.com\/index.php?rest_route=%2Fwp%2Fv2%2Ftags&post=350"}],"curies":[{"name":"wp","href":"https:\/\/api.w.org\/{rel}","templated":true}]}}