{"id":352,"date":"2025-10-27T20:43:42","date_gmt":"2025-10-27T19:43:42","guid":{"rendered":"https:\/\/www.jeunessemandoliniste.com\/?p=352"},"modified":"2025-10-30T16:08:04","modified_gmt":"2025-10-30T15:08:04","slug":"concert-dimanche-30-novembre-2025-a-17h00","status":"publish","type":"post","link":"https:\/\/www.jeunessemandoliniste.com\/?p=352","title":{"rendered":"Concert dimanche 30 novembre 2025 \u00e0 17h00"},"content":{"rendered":"\n<p><strong><em>L&rsquo;orchestre des 90 ans !<\/em><\/strong><\/p>\n\n\n\n<p>Les musiciens sont tous amateurs. Certains font partie de l\u2019orchestre depuis longtemps et lui sont rest\u00e9s fid\u00e8les.<br>D\u2019autres se sont \u00e9loign\u00e9s pour leurs \u00e9tudes, leurs professions ou pour voler vers d\u2019autres horizons musicaux\u2026 un orchestre est vivant.<\/p>\n\n\n\n<p>Pour clore ce beau week-end, la <strong><em>Jeunesse Mandoliniste<\/em><\/strong> d\u2019Hagondange invite tous les musiciens ayant fait un bout de chemin avec elle \u00e0 la rejoindre sur sc\u00e8ne pour partager certaines pi\u00e8ces du r\u00e9pertoire de ces derni\u00e8res ann\u00e9es.<\/p>\n\n\n\n<p>Le voyage sera vari\u00e9, tant\u00f4t classique ou baroque, tant\u00f4t aux couleurs de l\u2019Irlande, de l\u2019Italie ou encore de l\u2019Am\u00e9rique du sud mais toujours plac\u00e9 sous le signe du plaisir de partager des \u0153uvres \u00e9ternelles.<\/p>\n\n\n<div class=\"wp-block-image\">\n<figure class=\"aligncenter size-large is-resized\"><img loading=\"lazy\" decoding=\"async\" width=\"724\" height=\"1024\" src=\"https:\/\/www.jeunessemandoliniste.com\/wp-content\/uploads\/2025\/10\/Concerts-90-ans-1-724x1024.png\" alt=\"\" class=\"wp-image-359\" style=\"width:392px;height:auto\" srcset=\"https:\/\/www.jeunessemandoliniste.com\/wp-content\/uploads\/2025\/10\/Concerts-90-ans-1-724x1024.png 724w, https:\/\/www.jeunessemandoliniste.com\/wp-content\/uploads\/2025\/10\/Concerts-90-ans-1-212x300.png 212w, https:\/\/www.jeunessemandoliniste.com\/wp-content\/uploads\/2025\/10\/Concerts-90-ans-1-768x1086.png 768w, https:\/\/www.jeunessemandoliniste.com\/wp-content\/uploads\/2025\/10\/Concerts-90-ans-1.png 953w\" sizes=\"auto, (max-width: 724px) 100vw, 724px\" \/><\/figure><\/div>","protected":false},"excerpt":{"rendered":"<p>L&rsquo;orchestre des 90 ans ! Les musiciens sont tous amateurs. Certains font partie de l\u2019orchestre depuis longtemps et lui sont rest\u00e9s fid\u00e8les.D\u2019autres se sont \u00e9loign\u00e9s pour leurs \u00e9tudes, leurs professions ou pour voler vers d\u2019autres horizons musicaux\u2026 un orchestre est vivant. Pour clore ce beau week-end, la Jeunesse Mandoliniste d\u2019Hagondange invite tous les musiciens ayant [&hellip;]<\/p>\n","protected":false},"author":1,"featured_media":0,"comment_status":"closed","ping_status":"closed","sticky":false,"template":"","format":"standard","meta":{"footnotes":""},"categories":[3],"tags":[6,72,19,112,14,7,15,20,71],"class_list":["post-352","post","type-post","status-publish","format-standard","hentry","category-concert","tag-concert","tag-guitare","tag-hagondange","tag-hautbois","tag-jeunesse-mandoliniste-de-hagondange","tag-mandoline","tag-orchestre-a-plectre","tag-salle-paul-lamm","tag-violon"],"_links":{"self":[{"href":"https:\/\/www.jeunessemandoliniste.com\/index.php?rest_route=\/wp\/v2\/posts\/352","targetHints":{"allow":["GET"]}}],"collection":[{"href":"https:\/\/www.jeunessemandoliniste.com\/index.php?rest_route=\/wp\/v2\/posts"}],"about":[{"href":"https:\/\/www.jeunessemandoliniste.com\/index.php?rest_route=\/wp\/v2\/types\/post"}],"author":[{"embeddable":true,"href":"https:\/\/www.jeunessemandoliniste.com\/index.php?rest_route=\/wp\/v2\/users\/1"}],"replies":[{"embeddable":true,"href":"https:\/\/www.jeunessemandoliniste.com\/index.php?rest_route=%2Fwp%2Fv2%2Fcomments&post=352"}],"version-history":[{"count":5,"href":"https:\/\/www.jeunessemandoliniste.com\/index.php?rest_route=\/wp\/v2\/posts\/352\/revisions"}],"predecessor-version":[{"id":387,"href":"https:\/\/www.jeunessemandoliniste.com\/index.php?rest_route=\/wp\/v2\/posts\/352\/revisions\/387"}],"wp:attachment":[{"href":"https:\/\/www.jeunessemandoliniste.com\/index.php?rest_route=%2Fwp%2Fv2%2Fmedia&parent=352"}],"wp:term":[{"taxonomy":"category","embeddable":true,"href":"https:\/\/www.jeunessemandoliniste.com\/index.php?rest_route=%2Fwp%2Fv2%2Fcategories&post=352"},{"taxonomy":"post_tag","embeddable":true,"href":"https:\/\/www.jeunessemandoliniste.com\/index.php?rest_route=%2Fwp%2Fv2%2Ftags&post=352"}],"curies":[{"name":"wp","href":"https:\/\/api.w.org\/{rel}","templated":true}]}}