{"id":84,"date":"2019-05-17T13:54:07","date_gmt":"2019-05-17T11:54:07","guid":{"rendered":"http:\/\/www.jeunessemandoliniste.com\/?p=84"},"modified":"2019-06-03T14:00:48","modified_gmt":"2019-06-03T12:00:48","slug":"concert-lundi-17-juin-2019-a-20h00","status":"publish","type":"post","link":"https:\/\/www.jeunessemandoliniste.com\/?p=84","title":{"rendered":"Concert lundi 17 juin 2019 \u00e0 20h00"},"content":{"rendered":"\n<p> Le prochain concert de la \u00ab\u00a0<em>Jeunesse Mandoliniste de Hagondange<\/em>\u00a0\u00bb aura lieu <strong>Lundi 17 juin \u00e0 20h00<\/strong> sous les vo\u00fbtes r\u00e9cemment r\u00e9nov\u00e9es de la Chapelle de l&rsquo;\u00e9cole primaire Jean XXIII, 9 rue des couvents \u00e0 Montigny l\u00e8s Metz. <\/p>\n\n\n\n<p>Vous pourrez y entendre une partie de son r\u00e9pertoire vari\u00e9 : des pi\u00e8ces aux sonorit\u00e9s Sud Am\u00e9ricaines et Ib\u00e9riques.  Puis l&rsquo;orchestre accompagnera deux ensembles vocaux de renom : <\/p>\n\n\n\n<p> \u00ab\u00a0<em>La Ma\u00eetrise d&rsquo;enfants de la Cath\u00e9drale de Metz<\/em>\u00a0\u00bb (Direction Christophe Bergossi) dans un conte Musical \u00ab\u00a0La l\u00e9gende de Pierre Perrat\u00a0\u00bb \u00e9crit par Christophe Bergossi.<br>\u00ab\u00a0<em>M\u00e9li M\u00e9lodie<\/em>\u00a0\u00bb (direction Carole Bergossi) qui interpr\u00e9tera plusieurs chansons arrang\u00e9es pour orchestre \u00e0 plectre par Eric Jeanmichel. <\/p>\n\n\n\n<p> <strong>Entr\u00e9e libre ! <\/strong><\/p>\n\n\n\n<figure class=\"wp-block-image\"><img loading=\"lazy\" decoding=\"async\" width=\"724\" height=\"1024\" src=\"https:\/\/www.jeunessemandoliniste.com\/wp-content\/uploads\/2019\/06\/20190617_VoixetMandolines-724x1024.jpg\" alt=\"\" class=\"wp-image-86\" srcset=\"https:\/\/www.jeunessemandoliniste.com\/wp-content\/uploads\/2019\/06\/20190617_VoixetMandolines-724x1024.jpg 724w, https:\/\/www.jeunessemandoliniste.com\/wp-content\/uploads\/2019\/06\/20190617_VoixetMandolines-212x300.jpg 212w, https:\/\/www.jeunessemandoliniste.com\/wp-content\/uploads\/2019\/06\/20190617_VoixetMandolines-768x1086.jpg 768w, https:\/\/www.jeunessemandoliniste.com\/wp-content\/uploads\/2019\/06\/20190617_VoixetMandolines.jpg 1053w\" sizes=\"auto, (max-width: 724px) 100vw, 724px\" \/><\/figure>\n","protected":false},"excerpt":{"rendered":"<p>Le prochain concert de la \u00ab\u00a0Jeunesse Mandoliniste de Hagondange\u00a0\u00bb aura lieu Lundi 17 juin \u00e0 20h00 sous les vo\u00fbtes r\u00e9cemment r\u00e9nov\u00e9es de la Chapelle de l&rsquo;\u00e9cole primaire Jean XXIII, 9 rue des couvents \u00e0 Montigny l\u00e8s Metz. Vous pourrez y entendre une partie de son r\u00e9pertoire vari\u00e9 : des pi\u00e8ces aux sonorit\u00e9s Sud Am\u00e9ricaines et [&hellip;]<\/p>\n","protected":false},"author":1,"featured_media":0,"comment_status":"closed","ping_status":"open","sticky":false,"template":"","format":"standard","meta":{"footnotes":""},"categories":[3],"tags":[13,12,6,8,14,11,7,9,15],"class_list":["post-84","post","type-post","status-publish","format-standard","hentry","category-concert","tag-carole-bergossi","tag-christophe-bergossi","tag-concert","tag-jean-xxiii","tag-jeunesse-mandoliniste-de-hagondange","tag-la-legende-de-pierre-perrat","tag-mandoline","tag-meli-melodie","tag-orchestre-a-plectre"],"_links":{"self":[{"href":"https:\/\/www.jeunessemandoliniste.com\/index.php?rest_route=\/wp\/v2\/posts\/84","targetHints":{"allow":["GET"]}}],"collection":[{"href":"https:\/\/www.jeunessemandoliniste.com\/index.php?rest_route=\/wp\/v2\/posts"}],"about":[{"href":"https:\/\/www.jeunessemandoliniste.com\/index.php?rest_route=\/wp\/v2\/types\/post"}],"author":[{"embeddable":true,"href":"https:\/\/www.jeunessemandoliniste.com\/index.php?rest_route=\/wp\/v2\/users\/1"}],"replies":[{"embeddable":true,"href":"https:\/\/www.jeunessemandoliniste.com\/index.php?rest_route=%2Fwp%2Fv2%2Fcomments&post=84"}],"version-history":[{"count":3,"href":"https:\/\/www.jeunessemandoliniste.com\/index.php?rest_route=\/wp\/v2\/posts\/84\/revisions"}],"predecessor-version":[{"id":88,"href":"https:\/\/www.jeunessemandoliniste.com\/index.php?rest_route=\/wp\/v2\/posts\/84\/revisions\/88"}],"wp:attachment":[{"href":"https:\/\/www.jeunessemandoliniste.com\/index.php?rest_route=%2Fwp%2Fv2%2Fmedia&parent=84"}],"wp:term":[{"taxonomy":"category","embeddable":true,"href":"https:\/\/www.jeunessemandoliniste.com\/index.php?rest_route=%2Fwp%2Fv2%2Fcategories&post=84"},{"taxonomy":"post_tag","embeddable":true,"href":"https:\/\/www.jeunessemandoliniste.com\/index.php?rest_route=%2Fwp%2Fv2%2Ftags&post=84"}],"curies":[{"name":"wp","href":"https:\/\/api.w.org\/{rel}","templated":true}]}}