{"id":98,"date":"2017-11-22T14:55:51","date_gmt":"2017-11-22T13:55:51","guid":{"rendered":"http:\/\/www.jeunessemandoliniste.com\/?p=98"},"modified":"2019-06-03T15:02:49","modified_gmt":"2019-06-03T13:02:49","slug":"concert-dimanche-7-janvier-2018","status":"publish","type":"post","link":"https:\/\/www.jeunessemandoliniste.com\/?p=98","title":{"rendered":"Concert dimanche 7 janvier 2018"},"content":{"rendered":"\n<p>Concert de la <em>Jeunesse mandoliniste de Hagondang<\/em>e \u00e0 Esch-sur-Alzette (Luxembourg), \u00e0 l&rsquo;invitation de l&rsquo;<em>Orchestre \u00e0 plectre de Esch\/Alzette<\/em>, direction <em>Juan Carlos Nu\u00f1os<\/em> \u00e0 l&rsquo;occasion de leur traditionnel Concert du Nouvel An, qui aura lieu le <strong>dimanche 7 janvier 2018<\/strong> dans l&rsquo;\u00e9glise Saint Joseph d&rsquo;Esch\/Alzette<\/p>\n\n\n\n<p><strong>Entr\u00e9e libre<\/strong>, corbeille \u00e0 la fin du concert<\/p>\n\n\n\n<p><\/p>\n","protected":false},"excerpt":{"rendered":"<p>Concert de la Jeunesse mandoliniste de Hagondange \u00e0 Esch-sur-Alzette (Luxembourg), \u00e0 l&rsquo;invitation de l&rsquo;Orchestre \u00e0 plectre de Esch\/Alzette, direction Juan Carlos Nu\u00f1os \u00e0 l&rsquo;occasion de leur traditionnel Concert du Nouvel An, qui aura lieu le dimanche 7 janvier 2018 dans l&rsquo;\u00e9glise Saint Joseph d&rsquo;Esch\/Alzette Entr\u00e9e libre, corbeille \u00e0 la fin du concert<\/p>\n","protected":false},"author":1,"featured_media":0,"comment_status":"closed","ping_status":"open","sticky":false,"template":"","format":"standard","meta":{"footnotes":""},"categories":[3],"tags":[25,19,14,28,15,27],"class_list":["post-98","post","type-post","status-publish","format-standard","hentry","category-concert","tag-esch-sur-alzette","tag-hagondange","tag-jeunesse-mandoliniste-de-hagondange","tag-juan-carlos-nunos","tag-orchestre-a-plectre","tag-orchestre-a-plectre-de-esch-sur-alzette"],"_links":{"self":[{"href":"https:\/\/www.jeunessemandoliniste.com\/index.php?rest_route=\/wp\/v2\/posts\/98","targetHints":{"allow":["GET"]}}],"collection":[{"href":"https:\/\/www.jeunessemandoliniste.com\/index.php?rest_route=\/wp\/v2\/posts"}],"about":[{"href":"https:\/\/www.jeunessemandoliniste.com\/index.php?rest_route=\/wp\/v2\/types\/post"}],"author":[{"embeddable":true,"href":"https:\/\/www.jeunessemandoliniste.com\/index.php?rest_route=\/wp\/v2\/users\/1"}],"replies":[{"embeddable":true,"href":"https:\/\/www.jeunessemandoliniste.com\/index.php?rest_route=%2Fwp%2Fv2%2Fcomments&post=98"}],"version-history":[{"count":2,"href":"https:\/\/www.jeunessemandoliniste.com\/index.php?rest_route=\/wp\/v2\/posts\/98\/revisions"}],"predecessor-version":[{"id":100,"href":"https:\/\/www.jeunessemandoliniste.com\/index.php?rest_route=\/wp\/v2\/posts\/98\/revisions\/100"}],"wp:attachment":[{"href":"https:\/\/www.jeunessemandoliniste.com\/index.php?rest_route=%2Fwp%2Fv2%2Fmedia&parent=98"}],"wp:term":[{"taxonomy":"category","embeddable":true,"href":"https:\/\/www.jeunessemandoliniste.com\/index.php?rest_route=%2Fwp%2Fv2%2Fcategories&post=98"},{"taxonomy":"post_tag","embeddable":true,"href":"https:\/\/www.jeunessemandoliniste.com\/index.php?rest_route=%2Fwp%2Fv2%2Ftags&post=98"}],"curies":[{"name":"wp","href":"https:\/\/api.w.org\/{rel}","templated":true}]}}